{"id":1336509,"date":"2026-01-29T12:56:40","date_gmt":"2026-01-29T11:56:40","guid":{"rendered":"https:\/\/www.lifestylehotels.net\/?post_type=stories&#038;p=1336509"},"modified":"2026-01-29T12:56:44","modified_gmt":"2026-01-29T11:56:44","slug":"vestige-collection-bei-lifestylehotels-neue-partnerschaft-fuer-heritage-luxury","status":"publish","type":"stories","link":"https:\/\/www.lifestylehotels.net\/de\/story\/vestige-collection-bei-lifestylehotels-neue-partnerschaft-fuer-heritage-luxury\/","title":{"rendered":"Vestige Collection joins Lifestylehotels"},"content":{"rendered":"\n<h2 class=\"wp-block-heading\">Eine neue Partnerschaft f\u00fcr bewusstes Reisen und gelebte Geschichte<\/h2>\n\n\n\n<figure class=\"wp-block-image size-full\"><a href=\"https:\/\/www.lifestylehotels.net\/de\/hotel\/vestige-son-vell\/\" target=\"_blank\" rel=\"noreferrer noopener\"><img decoding=\"async\" width=\"2250\" height=\"1500\" src=\"https:\/\/www.lifestylehotels.net\/wp-content\/uploads\/2026\/01\/SantaAna_November_HR-248-1-scaled.jpg\" alt=\"\" class=\"wp-image-1336563\" srcset=\"https:\/\/www.lifestylehotels.net\/wp-content\/uploads\/2026\/01\/SantaAna_November_HR-248-1-scaled.jpg 2250w, https:\/\/www.lifestylehotels.net\/wp-content\/uploads\/2026\/01\/SantaAna_November_HR-248-1-768x512.jpg 768w, https:\/\/www.lifestylehotels.net\/wp-content\/uploads\/2026\/01\/SantaAna_November_HR-248-1-1536x1024.jpg 1536w, https:\/\/www.lifestylehotels.net\/wp-content\/uploads\/2026\/01\/SantaAna_November_HR-248-1-2048x1365.jpg 2048w, https:\/\/www.lifestylehotels.net\/wp-content\/uploads\/2026\/01\/SantaAna_November_HR-248-1-360x240.jpg 360w\" sizes=\"(max-width: 2250px) 100vw, 2250px\" \/><\/a><\/figure>\n\n\n\n<p>Mit gro\u00dfer Freude begr\u00fc\u00dft <strong>Lifestylehotels<\/strong> die <strong><a href=\"https:\/\/vestigecollection.com\/\" target=\"_blank\" rel=\"noreferrer noopener\">Vestige Collection<\/a><\/strong> als neuen Partner innerhalb unseres kuratierten Portfolios au\u00dfergew\u00f6hnlicher Hotels. Die Zusammenarbeit verbindet zwei Marken, die dieselben Werte teilen: eine tiefe Verbundenheit mit dem Ort, eine klare architektonische Haltung und ein Verst\u00e4ndnis von Luxus, das auf Ruhe, Qualit\u00e4t und Authentizit\u00e4t basiert.<\/p>\n\n\n\n<p>Die Vestige Collection steht f\u00fcr die behutsame Restaurierung historischer Anwesen und deren Transformation in zeitgem\u00e4\u00dfe R\u00fcckzugsorte. Genau diese Haltung macht Vestige zu einer idealen Erg\u00e4nzung der Lifestylehotels Community.<\/p>\n\n\n\n<figure class=\"wp-block-gallery has-nested-images columns-default is-cropped wp-block-gallery-1 is-layout-flex wp-block-gallery-is-layout-flex\">\n<figure class=\"wp-block-image size-full\"><a href=\"https:\/\/www.lifestylehotels.net\/de\/hotel\/vestige-son-ermita-binidufa\/\" target=\"_blank\" rel=\"noreferrer noopener\"><img decoding=\"async\" width=\"2251\" height=\"1500\" data-id=\"1336512\" src=\"https:\/\/www.lifestylehotels.net\/wp-content\/uploads\/2026\/01\/DJI_20251027024334_0104_D-1-scaled.jpg\" alt=\"\" class=\"wp-image-1336512\" srcset=\"https:\/\/www.lifestylehotels.net\/wp-content\/uploads\/2026\/01\/DJI_20251027024334_0104_D-1-scaled.jpg 2251w, https:\/\/www.lifestylehotels.net\/wp-content\/uploads\/2026\/01\/DJI_20251027024334_0104_D-1-768x512.jpg 768w, https:\/\/www.lifestylehotels.net\/wp-content\/uploads\/2026\/01\/DJI_20251027024334_0104_D-1-1536x1024.jpg 1536w, https:\/\/www.lifestylehotels.net\/wp-content\/uploads\/2026\/01\/DJI_20251027024334_0104_D-1-2048x1365.jpg 2048w, https:\/\/www.lifestylehotels.net\/wp-content\/uploads\/2026\/01\/DJI_20251027024334_0104_D-1-360x240.jpg 360w\" sizes=\"(max-width: 2251px) 100vw, 2251px\" \/><\/a><\/figure>\n\n\n\n<figure class=\"wp-block-image size-large\"><a href=\"https:\/\/www.lifestylehotels.net\/de\/hotel\/vestige-santa-ana\/\"><img decoding=\"async\" width=\"2250\" height=\"1500\" data-id=\"1336518\" src=\"https:\/\/www.lifestylehotels.net\/wp-content\/uploads\/2026\/01\/SantaAna_November_HR-170-1-scaled.jpg\" alt=\"\" class=\"wp-image-1336518\" srcset=\"https:\/\/www.lifestylehotels.net\/wp-content\/uploads\/2026\/01\/SantaAna_November_HR-170-1-scaled.jpg 2250w, https:\/\/www.lifestylehotels.net\/wp-content\/uploads\/2026\/01\/SantaAna_November_HR-170-1-768x512.jpg 768w, https:\/\/www.lifestylehotels.net\/wp-content\/uploads\/2026\/01\/SantaAna_November_HR-170-1-1536x1024.jpg 1536w, https:\/\/www.lifestylehotels.net\/wp-content\/uploads\/2026\/01\/SantaAna_November_HR-170-1-2048x1365.jpg 2048w, https:\/\/www.lifestylehotels.net\/wp-content\/uploads\/2026\/01\/SantaAna_November_HR-170-1-360x240.jpg 360w\" sizes=\"(max-width: 2250px) 100vw, 2250px\" \/><\/a><\/figure>\n<\/figure>\n\n\n\n<hr class=\"wp-block-separator has-alpha-channel-opacity\"\/>\n\n\n\n<h2 class=\"wp-block-heading\">Eine gemeinsame Philosophie<\/h2>\n\n\n\n<p>Lifestylehotels steht f\u00fcr Hotels mit Charakter \u2013 Orte, die mehr sind als Unterk\u00fcnfte. Vestige folgt demselben Anspruch: Jedes Haus ist einzigartig, tief in seiner Umgebung verwurzelt und gepr\u00e4gt von Geschichte, die nicht inszeniert, sondern respektvoll weitergef\u00fchrt wird.<\/p>\n\n\n\n<p>Die Vestige Collection versteht sich als H\u00fcter kulturellen Erbes. Historische Geb\u00e4ude werden nicht neu erfunden, sondern mit gro\u00dfer Sensibilit\u00e4t restauriert \u2013 mit lokalen Materialien, traditionellem Handwerk und einer reduzierten, zeitgen\u00f6ssischen Designsprache. Das Ergebnis sind Hotels, die Vergangenheit und Gegenwart m\u00fchelos verbinden.<\/p>\n\n\n\n<figure class=\"wp-block-gallery has-nested-images columns-default is-cropped wp-block-gallery-2 is-layout-flex wp-block-gallery-is-layout-flex\">\n<figure class=\"wp-block-image size-large\"><a href=\"https:\/\/www.lifestylehotels.net\/de\/hotel\/vestige-miramar\/\" target=\"_blank\" rel=\"noreferrer noopener\"><img decoding=\"async\" width=\"1200\" height=\"801\" data-id=\"1336298\" src=\"https:\/\/www.lifestylehotels.net\/wp-content\/uploads\/2026\/01\/vestige-miramar-main-terrace.jpg\" alt=\"\" class=\"wp-image-1336298\" srcset=\"https:\/\/www.lifestylehotels.net\/wp-content\/uploads\/2026\/01\/vestige-miramar-main-terrace.jpg 1200w, https:\/\/www.lifestylehotels.net\/wp-content\/uploads\/2026\/01\/vestige-miramar-main-terrace-768x513.jpg 768w, https:\/\/www.lifestylehotels.net\/wp-content\/uploads\/2026\/01\/vestige-miramar-main-terrace-360x240.jpg 360w\" sizes=\"(max-width: 1200px) 100vw, 1200px\" \/><\/a><\/figure>\n\n\n\n<figure class=\"wp-block-image size-large\"><a href=\"https:\/\/www.lifestylehotels.net\/de\/hotel\/vestige-palacio-de-figueras\/\" target=\"_blank\" rel=\"noreferrer noopener\"><img decoding=\"async\" width=\"2250\" height=\"1500\" data-id=\"1336516\" src=\"https:\/\/www.lifestylehotels.net\/wp-content\/uploads\/2026\/01\/G_M_1928-2-1.jpg\" alt=\"\" class=\"wp-image-1336516\" srcset=\"https:\/\/www.lifestylehotels.net\/wp-content\/uploads\/2026\/01\/G_M_1928-2-1.jpg 2250w, https:\/\/www.lifestylehotels.net\/wp-content\/uploads\/2026\/01\/G_M_1928-2-1-768x512.jpg 768w, https:\/\/www.lifestylehotels.net\/wp-content\/uploads\/2026\/01\/G_M_1928-2-1-1536x1024.jpg 1536w, https:\/\/www.lifestylehotels.net\/wp-content\/uploads\/2026\/01\/G_M_1928-2-1-2048x1366.jpg 2048w, https:\/\/www.lifestylehotels.net\/wp-content\/uploads\/2026\/01\/G_M_1928-2-1-360x240.jpg 360w\" sizes=\"(max-width: 2250px) 100vw, 2250px\" \/><\/a><\/figure>\n<\/figure>\n\n\n\n<hr class=\"wp-block-separator has-alpha-channel-opacity\"\/>\n\n\n\n<h2 class=\"wp-block-heading\">Warum Vestige perfekt zu Lifestylehotels passt<\/h2>\n\n\n\n<p>Unsere kuratierte Auswahl richtet sich an Reisende, die Individualit\u00e4t, Design und Sinnhaftigkeit suchen. Vestige-Hotels verk\u00f6rpern genau diese Werte:<br>Sie sind <strong>Destinationen mit Seele<\/strong>, die Raum f\u00fcr R\u00fcckzug, Entschleunigung und echte Erlebnisse bieten.<\/p>\n\n\n\n<p>Mit der Aufnahme der Vestige Collection erweitert Lifestylehotels sein Portfolio um H\u00e4user, die f\u00fcr zeitlosen Luxus stehen \u2013 jenseits von Trends, nah an der Landschaft, Architektur und Kultur ihres jeweiligen Ortes.<\/p>\n\n\n\n<hr class=\"wp-block-separator has-alpha-channel-opacity\"\/>\n\n\n\n<h2 class=\"wp-block-heading\">Die f\u00fcnf H\u00e4user der Vestige Collection<\/h2>\n\n\n\n<h3 class=\"wp-block-heading\"><strong><a href=\"https:\/\/www.lifestylehotels.net\/de\/hotel\/vestige-son-vell\/\" target=\"_blank\" rel=\"noreferrer noopener\">Vestige Son Vell<\/a> | Menorca<\/strong><\/h3>\n\n\n\n<p>Das Herz der Collection. Ein restauriertes Herrenhaus aus dem 18. Jahrhundert, eingebettet in die sanfte Landschaft Menorcas. Gro\u00dfz\u00fcgige G\u00e4rten, historische Architektur und moderne Zur\u00fcckhaltung machen Son Vell zu einem Ort stiller Eleganz.<\/p>\n\n\n\n<figure class=\"wp-block-gallery has-nested-images columns-default is-cropped wp-block-gallery-3 is-layout-flex wp-block-gallery-is-layout-flex\">\n<figure class=\"wp-block-image size-full\"><a href=\"https:\/\/www.lifestylehotels.net\/de\/hotel\/vestige-son-vell\/\" target=\"_blank\" rel=\"noreferrer noopener\"><img decoding=\"async\" width=\"2248\" height=\"1500\" data-id=\"1336542\" src=\"https:\/\/www.lifestylehotels.net\/wp-content\/uploads\/2026\/01\/Deluxe-Superior_LivingRoom1-scaled.jpg\" alt=\"\" class=\"wp-image-1336542\" srcset=\"https:\/\/www.lifestylehotels.net\/wp-content\/uploads\/2026\/01\/Deluxe-Superior_LivingRoom1-scaled.jpg 2248w, https:\/\/www.lifestylehotels.net\/wp-content\/uploads\/2026\/01\/Deluxe-Superior_LivingRoom1-768x512.jpg 768w, https:\/\/www.lifestylehotels.net\/wp-content\/uploads\/2026\/01\/Deluxe-Superior_LivingRoom1-1536x1025.jpg 1536w, https:\/\/www.lifestylehotels.net\/wp-content\/uploads\/2026\/01\/Deluxe-Superior_LivingRoom1-2048x1367.jpg 2048w, https:\/\/www.lifestylehotels.net\/wp-content\/uploads\/2026\/01\/Deluxe-Superior_LivingRoom1-360x240.jpg 360w\" sizes=\"(max-width: 2248px) 100vw, 2248px\" \/><\/a><\/figure>\n\n\n\n<figure class=\"wp-block-image size-full\"><img decoding=\"async\" width=\"2250\" height=\"1500\" data-id=\"1336540\" src=\"https:\/\/www.lifestylehotels.net\/wp-content\/uploads\/2026\/01\/Terrace-Suite-5-2-scaled.jpg\" alt=\"\" class=\"wp-image-1336540\" srcset=\"https:\/\/www.lifestylehotels.net\/wp-content\/uploads\/2026\/01\/Terrace-Suite-5-2-scaled.jpg 2250w, https:\/\/www.lifestylehotels.net\/wp-content\/uploads\/2026\/01\/Terrace-Suite-5-2-768x512.jpg 768w, https:\/\/www.lifestylehotels.net\/wp-content\/uploads\/2026\/01\/Terrace-Suite-5-2-1536x1024.jpg 1536w, https:\/\/www.lifestylehotels.net\/wp-content\/uploads\/2026\/01\/Terrace-Suite-5-2-2048x1365.jpg 2048w, https:\/\/www.lifestylehotels.net\/wp-content\/uploads\/2026\/01\/Terrace-Suite-5-2-360x240.jpg 360w\" sizes=\"(max-width: 2250px) 100vw, 2250px\" \/><\/figure>\n<\/figure>\n\n\n\n<h3 class=\"wp-block-heading\"><strong><a href=\"https:\/\/www.lifestylehotels.net\/de\/hotel\/vestige-son-ermita-binidufa\/\" target=\"_blank\" rel=\"noreferrer noopener\">Vestige Son Ermit\u00e0 &amp; <strong>Vestige Biniduf\u00e0<\/strong><\/a> | Menorca<\/strong><\/h3>\n\n\n\n<p>Zwei H\u00e4user, ein Anwesen. Son Ermit\u00e0 liegt erh\u00f6ht mit weitem Blick bis zum Meer, Biniduf\u00e0 schmiegt sich warm und intim ins Tal. Gemeinsam bilden sie ein einzigartiges Rural-Refugium, in dem Natur, Ruhe und architektonische Klarheit im Mittelpunkt stehen.<\/p>\n\n\n\n<figure class=\"wp-block-gallery has-nested-images columns-default is-cropped wp-block-gallery-4 is-layout-flex wp-block-gallery-is-layout-flex\">\n<figure class=\"wp-block-image size-full\"><a href=\"https:\/\/www.lifestylehotels.net\/de\/hotel\/vestige-son-ermita-binidufa\/\" target=\"_blank\" rel=\"noreferrer noopener\"><img decoding=\"async\" width=\"2250\" height=\"1500\" data-id=\"1336549\" src=\"https:\/\/www.lifestylehotels.net\/wp-content\/uploads\/2026\/01\/Binidufa_Lowres-17.jpg\" alt=\"\" class=\"wp-image-1336549\" srcset=\"https:\/\/www.lifestylehotels.net\/wp-content\/uploads\/2026\/01\/Binidufa_Lowres-17.jpg 2250w, https:\/\/www.lifestylehotels.net\/wp-content\/uploads\/2026\/01\/Binidufa_Lowres-17-768x512.jpg 768w, https:\/\/www.lifestylehotels.net\/wp-content\/uploads\/2026\/01\/Binidufa_Lowres-17-1536x1024.jpg 1536w, https:\/\/www.lifestylehotels.net\/wp-content\/uploads\/2026\/01\/Binidufa_Lowres-17-2048x1366.jpg 2048w, https:\/\/www.lifestylehotels.net\/wp-content\/uploads\/2026\/01\/Binidufa_Lowres-17-360x240.jpg 360w\" sizes=\"(max-width: 2250px) 100vw, 2250px\" \/><\/a><\/figure>\n\n\n\n<figure class=\"wp-block-image size-large\"><a href=\"https:\/\/www.lifestylehotels.net\/de\/hotel\/vestige-son-ermita-binidufa\/\" target=\"_blank\" rel=\"noreferrer noopener\"><img decoding=\"async\" width=\"2500\" height=\"1405\" data-id=\"1336548\" src=\"https:\/\/www.lifestylehotels.net\/wp-content\/uploads\/2026\/01\/SonErmitaMenorca_LOWRES-315-2.jpg\" alt=\"\" class=\"wp-image-1336548\" srcset=\"https:\/\/www.lifestylehotels.net\/wp-content\/uploads\/2026\/01\/SonErmitaMenorca_LOWRES-315-2.jpg 2500w, https:\/\/www.lifestylehotels.net\/wp-content\/uploads\/2026\/01\/SonErmitaMenorca_LOWRES-315-2-768x432.jpg 768w, https:\/\/www.lifestylehotels.net\/wp-content\/uploads\/2026\/01\/SonErmitaMenorca_LOWRES-315-2-1536x863.jpg 1536w, https:\/\/www.lifestylehotels.net\/wp-content\/uploads\/2026\/01\/SonErmitaMenorca_LOWRES-315-2-2048x1151.jpg 2048w, https:\/\/www.lifestylehotels.net\/wp-content\/uploads\/2026\/01\/SonErmitaMenorca_LOWRES-315-2-360x202.jpg 360w\" sizes=\"(max-width: 2500px) 100vw, 2500px\" \/><\/a><\/figure>\n<\/figure>\n\n\n\n<h3 class=\"wp-block-heading\"><strong><a href=\"https:\/\/www.lifestylehotels.net\/de\/hotel\/vestige-miramar\/\" target=\"_blank\" rel=\"noreferrer noopener\">Vestige Miramar<\/a> Private Mansion | Palma de Mallorca<\/strong><\/h3>\n\n\n\n<p>Ein historisches Stadthaus in Palmas Altstadt \u2013 als <strong>Private Mansion<\/strong> f\u00fcr exklusive Aufenthalte konzipiert. Miramar verbindet urbanes Lebensgef\u00fchl mit maximaler Privatsph\u00e4re, kuratiertem Design und dem besonderen Gef\u00fchl, \u201ezu Hause\u201c in einer der sch\u00f6nsten St\u00e4dte des Mittelmeers zu sein.<\/p>\n\n\n\n<figure class=\"wp-block-gallery has-nested-images columns-default is-cropped wp-block-gallery-5 is-layout-flex wp-block-gallery-is-layout-flex\">\n<figure class=\"wp-block-image size-large\"><a href=\"https:\/\/www.lifestylehotels.net\/de\/hotel\/vestige-miramar\/\" target=\"_blank\" rel=\"noreferrer noopener\"><img decoding=\"async\" width=\"2250\" height=\"1500\" data-id=\"1336551\" src=\"https:\/\/www.lifestylehotels.net\/wp-content\/uploads\/2026\/01\/Dining-room-2-2.jpg\" alt=\"\" class=\"wp-image-1336551\" srcset=\"https:\/\/www.lifestylehotels.net\/wp-content\/uploads\/2026\/01\/Dining-room-2-2.jpg 2250w, https:\/\/www.lifestylehotels.net\/wp-content\/uploads\/2026\/01\/Dining-room-2-2-768x512.jpg 768w, https:\/\/www.lifestylehotels.net\/wp-content\/uploads\/2026\/01\/Dining-room-2-2-1536x1024.jpg 1536w, https:\/\/www.lifestylehotels.net\/wp-content\/uploads\/2026\/01\/Dining-room-2-2-2048x1366.jpg 2048w, https:\/\/www.lifestylehotels.net\/wp-content\/uploads\/2026\/01\/Dining-room-2-2-360x240.jpg 360w\" sizes=\"(max-width: 2250px) 100vw, 2250px\" \/><\/a><\/figure>\n\n\n\n<figure class=\"wp-block-image size-large\"><a href=\"https:\/\/www.lifestylehotels.net\/de\/hotel\/vestige-miramar\/\" target=\"_blank\" rel=\"noreferrer noopener\"><img decoding=\"async\" width=\"2250\" height=\"1500\" data-id=\"1336552\" src=\"https:\/\/www.lifestylehotels.net\/wp-content\/uploads\/2026\/01\/Dor-2-1.jpg\" alt=\"\" class=\"wp-image-1336552\" srcset=\"https:\/\/www.lifestylehotels.net\/wp-content\/uploads\/2026\/01\/Dor-2-1.jpg 2250w, https:\/\/www.lifestylehotels.net\/wp-content\/uploads\/2026\/01\/Dor-2-1-768x512.jpg 768w, https:\/\/www.lifestylehotels.net\/wp-content\/uploads\/2026\/01\/Dor-2-1-1536x1024.jpg 1536w, https:\/\/www.lifestylehotels.net\/wp-content\/uploads\/2026\/01\/Dor-2-1-2048x1366.jpg 2048w, https:\/\/www.lifestylehotels.net\/wp-content\/uploads\/2026\/01\/Dor-2-1-360x240.jpg 360w\" sizes=\"(max-width: 2250px) 100vw, 2250px\" \/><\/a><\/figure>\n<\/figure>\n\n\n\n<h3 class=\"wp-block-heading\"><strong><a href=\"https:\/\/www.lifestylehotels.net\/de\/hotel\/vestige-palacio-de-figueras\/\" target=\"_blank\" rel=\"noreferrer noopener\">Vestige Palacio de Figueras <\/a>| Asturien<\/strong><\/h3>\n\n\n\n<p>Ein historischer Palast mit Blick auf den Atlantik. Dramatische Landschaft, kulturelle Tiefe und absolute Privatheit machen Palacio de Figueras zu einer Destination f\u00fcr alle, die Weite, Natur und Heritage in seiner eindrucksvollsten Form erleben m\u00f6chten.<\/p>\n\n\n\n<figure class=\"wp-block-gallery has-nested-images columns-default is-cropped wp-block-gallery-6 is-layout-flex wp-block-gallery-is-layout-flex\">\n<figure class=\"wp-block-image size-large\"><a href=\"https:\/\/www.lifestylehotels.net\/de\/hotel\/vestige-palacio-de-figueras\/\" target=\"_blank\" rel=\"noreferrer noopener\"><img decoding=\"async\" width=\"2250\" height=\"1500\" data-id=\"1336555\" src=\"https:\/\/www.lifestylehotels.net\/wp-content\/uploads\/2026\/01\/Orangerie-2.jpg\" alt=\"\" class=\"wp-image-1336555\" srcset=\"https:\/\/www.lifestylehotels.net\/wp-content\/uploads\/2026\/01\/Orangerie-2.jpg 2250w, https:\/\/www.lifestylehotels.net\/wp-content\/uploads\/2026\/01\/Orangerie-2-768x512.jpg 768w, https:\/\/www.lifestylehotels.net\/wp-content\/uploads\/2026\/01\/Orangerie-2-1536x1024.jpg 1536w, https:\/\/www.lifestylehotels.net\/wp-content\/uploads\/2026\/01\/Orangerie-2-2048x1366.jpg 2048w, https:\/\/www.lifestylehotels.net\/wp-content\/uploads\/2026\/01\/Orangerie-2-360x240.jpg 360w\" sizes=\"(max-width: 2250px) 100vw, 2250px\" \/><\/a><\/figure>\n\n\n\n<figure class=\"wp-block-image size-large\"><a href=\"https:\/\/www.lifestylehotels.net\/de\/hotel\/vestige-palacio-de-figueras\/\" target=\"_blank\" rel=\"noreferrer noopener\"><img decoding=\"async\" width=\"2250\" height=\"1500\" data-id=\"1336557\" src=\"https:\/\/www.lifestylehotels.net\/wp-content\/uploads\/2026\/01\/TV-Room-2.jpg\" alt=\"\" class=\"wp-image-1336557\" srcset=\"https:\/\/www.lifestylehotels.net\/wp-content\/uploads\/2026\/01\/TV-Room-2.jpg 2250w, https:\/\/www.lifestylehotels.net\/wp-content\/uploads\/2026\/01\/TV-Room-2-768x512.jpg 768w, https:\/\/www.lifestylehotels.net\/wp-content\/uploads\/2026\/01\/TV-Room-2-1536x1024.jpg 1536w, https:\/\/www.lifestylehotels.net\/wp-content\/uploads\/2026\/01\/TV-Room-2-2048x1366.jpg 2048w, https:\/\/www.lifestylehotels.net\/wp-content\/uploads\/2026\/01\/TV-Room-2-360x240.jpg 360w\" sizes=\"(max-width: 2250px) 100vw, 2250px\" \/><\/a><\/figure>\n<\/figure>\n\n\n\n<h3 class=\"wp-block-heading\"><strong><a href=\"https:\/\/www.lifestylehotels.net\/de\/hotel\/vestige-santa-ana\/\" target=\"_blank\" rel=\"noreferrer noopener\">Vestige Santa Ana<\/a> | Menorca<\/strong><\/h3>\n\n\n\n<p>Ein zur\u00fcckgezogenes Anwesen, umgeben von Natur und Stille. Santa Ana steht f\u00fcr entschleunigtes Inselleben, architektonische Authentizit\u00e4t und ein tiefes Eintauchen in die Rhythmen der Landschaft \u2013 ideal f\u00fcr private, immersive Aufenthalte.<\/p>\n\n\n\n<figure class=\"wp-block-gallery has-nested-images columns-default is-cropped wp-block-gallery-7 is-layout-flex wp-block-gallery-is-layout-flex\">\n<figure class=\"wp-block-image size-large\"><a href=\"https:\/\/www.lifestylehotels.net\/de\/hotel\/vestige-santa-ana\/\" target=\"_blank\" rel=\"noreferrer noopener\"><img decoding=\"async\" width=\"2248\" height=\"1500\" data-id=\"1336559\" src=\"https:\/\/www.lifestylehotels.net\/wp-content\/uploads\/2026\/01\/SantaAna_November_HR-83-1-scaled.jpg\" alt=\"\" class=\"wp-image-1336559\" srcset=\"https:\/\/www.lifestylehotels.net\/wp-content\/uploads\/2026\/01\/SantaAna_November_HR-83-1-scaled.jpg 2248w, https:\/\/www.lifestylehotels.net\/wp-content\/uploads\/2026\/01\/SantaAna_November_HR-83-1-768x512.jpg 768w, https:\/\/www.lifestylehotels.net\/wp-content\/uploads\/2026\/01\/SantaAna_November_HR-83-1-1536x1025.jpg 1536w, https:\/\/www.lifestylehotels.net\/wp-content\/uploads\/2026\/01\/SantaAna_November_HR-83-1-2048x1367.jpg 2048w, https:\/\/www.lifestylehotels.net\/wp-content\/uploads\/2026\/01\/SantaAna_November_HR-83-1-360x240.jpg 360w\" sizes=\"(max-width: 2248px) 100vw, 2248px\" \/><\/a><\/figure>\n\n\n\n<figure class=\"wp-block-image size-large\"><img decoding=\"async\" width=\"2250\" height=\"1500\" data-id=\"1336561\" src=\"https:\/\/www.lifestylehotels.net\/wp-content\/uploads\/2026\/01\/SantaAna_November_HR-258-1-scaled.jpg\" alt=\"\" class=\"wp-image-1336561\" srcset=\"https:\/\/www.lifestylehotels.net\/wp-content\/uploads\/2026\/01\/SantaAna_November_HR-258-1-scaled.jpg 2250w, https:\/\/www.lifestylehotels.net\/wp-content\/uploads\/2026\/01\/SantaAna_November_HR-258-1-768x512.jpg 768w, https:\/\/www.lifestylehotels.net\/wp-content\/uploads\/2026\/01\/SantaAna_November_HR-258-1-1536x1024.jpg 1536w, https:\/\/www.lifestylehotels.net\/wp-content\/uploads\/2026\/01\/SantaAna_November_HR-258-1-2048x1365.jpg 2048w, https:\/\/www.lifestylehotels.net\/wp-content\/uploads\/2026\/01\/SantaAna_November_HR-258-1-360x240.jpg 360w\" sizes=\"(max-width: 2250px) 100vw, 2250px\" \/><\/figure>\n<\/figure>\n\n\n\n<hr class=\"wp-block-separator has-alpha-channel-opacity\"\/>\n\n\n\n<h2 class=\"wp-block-heading\">Eine Partnerschaft mit Haltung<\/h2>\n\n\n\n<p>Die Kooperation zwischen Lifestylehotels und der Vestige Collection ist mehr als eine Erweiterung unseres Angebots. Sie ist ein klares Bekenntnis zu <strong>bewusstem Reisen, architektonischer Qualit\u00e4t und nachhaltiger Wertsch\u00f6pfung<\/strong>.<\/p>\n\n\n\n<p>Wir freuen uns, Vestige als Teil der Lifestylehotels Familie willkommen zu hei\u00dfen \u2013 und unseren G\u00e4sten Orte vorzustellen, die Geschichte bewahren und zugleich zeitgem\u00e4\u00df erlebbar machen.<\/p>\n","protected":false},"excerpt":{"rendered":"<p>Lifestylehotels begr\u00fc\u00dft die Vestige Collection: f\u00fcnf au\u00dfergew\u00f6hnliche Heritage-H\u00e4user in Menorca, Palma und Asturien \u2013 Design, Geschichte und bewusster Luxus.<\/p>\n","protected":false},"author":4,"featured_media":1336563,"template":"","meta":{"inline_featured_image":false},"categories":[3658],"tags":[5892,5894,3576,5895,5896],"acf":[],"yoast_head":"<!-- This site is optimized with the Yoast SEO plugin v21.9.1 - https:\/\/yoast.com\/wordpress\/plugins\/seo\/ -->\n<title>Vestige Collection joins Lifestylehotels - Lifestylehotels\u2122<\/title>\n<meta name=\"description\" content=\"Lifestylehotels begr\u00fc\u00dft die Vestige Collection: f\u00fcnf au\u00dfergew\u00f6hnliche Heritage-H\u00e4user in Menorca, Palma und Asturien \u2013 Design, Geschichte und bewusster Luxus.\" \/>\n<meta name=\"robots\" content=\"index, follow, max-snippet:-1, max-image-preview:large, max-video-preview:-1\" \/>\n<link rel=\"canonical\" href=\"https:\/\/www.lifestylehotels.net\/de\/story\/vestige-collection-bei-lifestylehotels-neue-partnerschaft-fuer-heritage-luxury\/\" \/>\n<meta property=\"og:locale\" content=\"de_DE\" \/>\n<meta property=\"og:type\" content=\"article\" \/>\n<meta property=\"og:title\" content=\"Vestige Collection joins Lifestylehotels - Lifestylehotels\u2122\" \/>\n<meta property=\"og:description\" content=\"Lifestylehotels begr\u00fc\u00dft die Vestige Collection: f\u00fcnf au\u00dfergew\u00f6hnliche Heritage-H\u00e4user in Menorca, Palma und Asturien \u2013 Design, Geschichte und bewusster Luxus.\" \/>\n<meta property=\"og:url\" content=\"https:\/\/www.lifestylehotels.net\/de\/story\/vestige-collection-bei-lifestylehotels-neue-partnerschaft-fuer-heritage-luxury\/\" \/>\n<meta property=\"og:site_name\" content=\"Lifestylehotels\u2122\" \/>\n<meta property=\"article:modified_time\" content=\"2026-01-29T11:56:44+00:00\" \/>\n<meta property=\"og:image\" content=\"https:\/\/www.lifestylehotels.net\/wp-content\/uploads\/2026\/01\/SantaAna_November_HR-248-1-scaled.jpg\" \/>\n\t<meta property=\"og:image:width\" content=\"2250\" \/>\n\t<meta property=\"og:image:height\" content=\"1500\" \/>\n\t<meta property=\"og:image:type\" content=\"image\/jpeg\" \/>\n<meta name=\"twitter:card\" content=\"summary_large_image\" \/>\n<meta name=\"twitter:label1\" content=\"Gesch\u00e4tzte Lesezeit\" \/>\n\t<meta name=\"twitter:data1\" content=\"6\u00a0Minuten\" \/>\n<script type=\"application\/ld+json\" class=\"yoast-schema-graph\">{\"@context\":\"https:\/\/schema.org\",\"@graph\":[{\"@type\":\"WebPage\",\"@id\":\"https:\/\/www.lifestylehotels.net\/de\/story\/vestige-collection-bei-lifestylehotels-neue-partnerschaft-fuer-heritage-luxury\/\",\"url\":\"https:\/\/www.lifestylehotels.net\/de\/story\/vestige-collection-bei-lifestylehotels-neue-partnerschaft-fuer-heritage-luxury\/\",\"name\":\"Vestige Collection joins Lifestylehotels - Lifestylehotels\u2122\",\"isPartOf\":{\"@id\":\"https:\/\/www.lifestylehotels.net\/de\/#website\"},\"datePublished\":\"2026-01-29T11:56:40+00:00\",\"dateModified\":\"2026-01-29T11:56:44+00:00\",\"description\":\"Lifestylehotels begr\u00fc\u00dft die Vestige Collection: f\u00fcnf au\u00dfergew\u00f6hnliche Heritage-H\u00e4user in Menorca, Palma und Asturien \u2013 Design, Geschichte und bewusster Luxus.\",\"breadcrumb\":{\"@id\":\"https:\/\/www.lifestylehotels.net\/de\/story\/vestige-collection-bei-lifestylehotels-neue-partnerschaft-fuer-heritage-luxury\/#breadcrumb\"},\"inLanguage\":\"de\",\"potentialAction\":[{\"@type\":\"ReadAction\",\"target\":[\"https:\/\/www.lifestylehotels.net\/de\/story\/vestige-collection-bei-lifestylehotels-neue-partnerschaft-fuer-heritage-luxury\/\"]}]},{\"@type\":\"BreadcrumbList\",\"@id\":\"https:\/\/www.lifestylehotels.net\/de\/story\/vestige-collection-bei-lifestylehotels-neue-partnerschaft-fuer-heritage-luxury\/#breadcrumb\",\"itemListElement\":[{\"@type\":\"ListItem\",\"position\":1,\"name\":\"Startseite\",\"item\":\"https:\/\/www.lifestylehotels.net\/de\/\"},{\"@type\":\"ListItem\",\"position\":2,\"name\":\"Vestige Collection joins Lifestylehotels\"}]},{\"@type\":\"WebSite\",\"@id\":\"https:\/\/www.lifestylehotels.net\/de\/#website\",\"url\":\"https:\/\/www.lifestylehotels.net\/de\/\",\"name\":\"Lifestylehotels\u2122\",\"description\":\"\",\"potentialAction\":[{\"@type\":\"SearchAction\",\"target\":{\"@type\":\"EntryPoint\",\"urlTemplate\":\"https:\/\/www.lifestylehotels.net\/de\/?s={search_term_string}\"},\"query-input\":\"required name=search_term_string\"}],\"inLanguage\":\"de\"}]}<\/script>\n<!-- \/ Yoast SEO plugin. -->","yoast_head_json":{"title":"Vestige Collection joins Lifestylehotels - Lifestylehotels\u2122","description":"Lifestylehotels begr\u00fc\u00dft die Vestige Collection: f\u00fcnf au\u00dfergew\u00f6hnliche Heritage-H\u00e4user in Menorca, Palma und Asturien \u2013 Design, Geschichte und bewusster Luxus.","robots":{"index":"index","follow":"follow","max-snippet":"max-snippet:-1","max-image-preview":"max-image-preview:large","max-video-preview":"max-video-preview:-1"},"canonical":"https:\/\/www.lifestylehotels.net\/de\/story\/vestige-collection-bei-lifestylehotels-neue-partnerschaft-fuer-heritage-luxury\/","og_locale":"de_DE","og_type":"article","og_title":"Vestige Collection joins Lifestylehotels - Lifestylehotels\u2122","og_description":"Lifestylehotels begr\u00fc\u00dft die Vestige Collection: f\u00fcnf au\u00dfergew\u00f6hnliche Heritage-H\u00e4user in Menorca, Palma und Asturien \u2013 Design, Geschichte und bewusster Luxus.","og_url":"https:\/\/www.lifestylehotels.net\/de\/story\/vestige-collection-bei-lifestylehotels-neue-partnerschaft-fuer-heritage-luxury\/","og_site_name":"Lifestylehotels\u2122","article_modified_time":"2026-01-29T11:56:44+00:00","og_image":[{"width":2250,"height":1500,"url":"https:\/\/www.lifestylehotels.net\/wp-content\/uploads\/2026\/01\/SantaAna_November_HR-248-1-scaled.jpg","type":"image\/jpeg"}],"twitter_card":"summary_large_image","twitter_misc":{"Gesch\u00e4tzte Lesezeit":"6\u00a0Minuten"},"schema":{"@context":"https:\/\/schema.org","@graph":[{"@type":"WebPage","@id":"https:\/\/www.lifestylehotels.net\/de\/story\/vestige-collection-bei-lifestylehotels-neue-partnerschaft-fuer-heritage-luxury\/","url":"https:\/\/www.lifestylehotels.net\/de\/story\/vestige-collection-bei-lifestylehotels-neue-partnerschaft-fuer-heritage-luxury\/","name":"Vestige Collection joins Lifestylehotels - Lifestylehotels\u2122","isPartOf":{"@id":"https:\/\/www.lifestylehotels.net\/de\/#website"},"datePublished":"2026-01-29T11:56:40+00:00","dateModified":"2026-01-29T11:56:44+00:00","description":"Lifestylehotels begr\u00fc\u00dft die Vestige Collection: f\u00fcnf au\u00dfergew\u00f6hnliche Heritage-H\u00e4user in Menorca, Palma und Asturien \u2013 Design, Geschichte und bewusster Luxus.","breadcrumb":{"@id":"https:\/\/www.lifestylehotels.net\/de\/story\/vestige-collection-bei-lifestylehotels-neue-partnerschaft-fuer-heritage-luxury\/#breadcrumb"},"inLanguage":"de","potentialAction":[{"@type":"ReadAction","target":["https:\/\/www.lifestylehotels.net\/de\/story\/vestige-collection-bei-lifestylehotels-neue-partnerschaft-fuer-heritage-luxury\/"]}]},{"@type":"BreadcrumbList","@id":"https:\/\/www.lifestylehotels.net\/de\/story\/vestige-collection-bei-lifestylehotels-neue-partnerschaft-fuer-heritage-luxury\/#breadcrumb","itemListElement":[{"@type":"ListItem","position":1,"name":"Startseite","item":"https:\/\/www.lifestylehotels.net\/de\/"},{"@type":"ListItem","position":2,"name":"Vestige Collection joins Lifestylehotels"}]},{"@type":"WebSite","@id":"https:\/\/www.lifestylehotels.net\/de\/#website","url":"https:\/\/www.lifestylehotels.net\/de\/","name":"Lifestylehotels\u2122","description":"","potentialAction":[{"@type":"SearchAction","target":{"@type":"EntryPoint","urlTemplate":"https:\/\/www.lifestylehotels.net\/de\/?s={search_term_string}"},"query-input":"required name=search_term_string"}],"inLanguage":"de"}]}},"jetpack_sharing_enabled":true,"_links":{"self":[{"href":"https:\/\/www.lifestylehotels.net\/de\/wp-json\/wp\/v2\/stories\/1336509"}],"collection":[{"href":"https:\/\/www.lifestylehotels.net\/de\/wp-json\/wp\/v2\/stories"}],"about":[{"href":"https:\/\/www.lifestylehotels.net\/de\/wp-json\/wp\/v2\/types\/stories"}],"author":[{"embeddable":true,"href":"https:\/\/www.lifestylehotels.net\/de\/wp-json\/wp\/v2\/users\/4"}],"version-history":[{"count":2,"href":"https:\/\/www.lifestylehotels.net\/de\/wp-json\/wp\/v2\/stories\/1336509\/revisions"}],"predecessor-version":[{"id":1336566,"href":"https:\/\/www.lifestylehotels.net\/de\/wp-json\/wp\/v2\/stories\/1336509\/revisions\/1336566"}],"wp:featuredmedia":[{"embeddable":true,"href":"https:\/\/www.lifestylehotels.net\/de\/wp-json\/wp\/v2\/media\/1336563"}],"wp:attachment":[{"href":"https:\/\/www.lifestylehotels.net\/de\/wp-json\/wp\/v2\/media?parent=1336509"}],"wp:term":[{"taxonomy":"category","embeddable":true,"href":"https:\/\/www.lifestylehotels.net\/de\/wp-json\/wp\/v2\/categories?post=1336509"},{"taxonomy":"post_tag","embeddable":true,"href":"https:\/\/www.lifestylehotels.net\/de\/wp-json\/wp\/v2\/tags?post=1336509"}],"curies":[{"name":"wp","href":"https:\/\/api.w.org\/{rel}","templated":true}]}}